{"id":836,"date":"2025-07-09T16:09:50","date_gmt":"2025-07-09T13:09:50","guid":{"rendered":"https:\/\/www.divarese.com.tr\/blog\/?p=836"},"modified":"2025-12-09T16:14:34","modified_gmt":"2025-12-09T13:14:34","slug":"2025-yaz-kadin-canta-modelleri-ve-trendleri","status":"publish","type":"post","link":"https:\/\/www.divarese.com.tr\/blog\/2025-yaz-kadin-canta-modelleri-ve-trendleri\/","title":{"rendered":"2025 Yaz Kad\u0131n \u00c7anta Modelleri ve Trendleri"},"content":{"rendered":"<div id=\"ez-toc-container\" class=\"ez-toc-v2_0_81 ez-toc-wrap-center counter-hierarchy ez-toc-counter ez-toc-white ez-toc-container-direction\">\n<div class=\"ez-toc-title-container\">\n<p class=\"ez-toc-title\" style=\"cursor:inherit\">Ak\u0131\u015f<\/p>\n<span class=\"ez-toc-title-toggle\"><a href=\"#\" class=\"ez-toc-pull-right ez-toc-btn ez-toc-btn-xs ez-toc-btn-default ez-toc-toggle\" aria-label=\"\u0130\u00e7indekiler Tablosunu A\u00e7\/Kapat\"><span class=\"ez-toc-js-icon-con\"><span class=\"\"><span class=\"eztoc-hide\" style=\"display:none;\">Toggle<\/span><span class=\"ez-toc-icon-toggle-span\"><svg style=\"fill: #999;color:#999\" xmlns=\"http:\/\/www.w3.org\/2000\/svg\" class=\"list-377408\" width=\"20px\" height=\"20px\" viewBox=\"0 0 24 24\" fill=\"none\"><path d=\"M6 6H4v2h2V6zm14 0H8v2h12V6zM4 11h2v2H4v-2zm16 0H8v2h12v-2zM4 16h2v2H4v-2zm16 0H8v2h12v-2z\" fill=\"currentColor\"><\/path><\/svg><svg style=\"fill: #999;color:#999\" class=\"arrow-unsorted-368013\" xmlns=\"http:\/\/www.w3.org\/2000\/svg\" width=\"10px\" height=\"10px\" viewBox=\"0 0 24 24\" version=\"1.2\" baseProfile=\"tiny\"><path d=\"M18.2 9.3l-6.2-6.3-6.2 6.3c-.2.2-.3.4-.3.7s.1.5.3.7c.2.2.4.3.7.3h11c.3 0 .5-.1.7-.3.2-.2.3-.5.3-.7s-.1-.5-.3-.7zM5.8 14.7l6.2 6.3 6.2-6.3c.2-.2.3-.5.3-.7s-.1-.5-.3-.7c-.2-.2-.4-.3-.7-.3h-11c-.3 0-.5.1-.7.3-.2.2-.3.5-.3.7s.1.5.3.7z\"\/><\/svg><\/span><\/span><\/span><\/a><\/span><\/div>\n<nav><ul class='ez-toc-list ez-toc-list-level-1 ' ><li class='ez-toc-page-1 ez-toc-heading-level-2'><a class=\"ez-toc-link ez-toc-heading-1\" href=\"https:\/\/www.divarese.com.tr\/blog\/2025-yaz-kadin-canta-modelleri-ve-trendleri\/#Yaz_Aylarinin_One_Cikan_Canta_Trendleri_Neler\" >Yaz Aylar\u0131n\u0131n \u00d6ne \u00c7\u0131kan \u00c7anta Trendleri Neler?<\/a><\/li><li class='ez-toc-page-1 ez-toc-heading-level-2'><a class=\"ez-toc-link ez-toc-heading-2\" href=\"https:\/\/www.divarese.com.tr\/blog\/2025-yaz-kadin-canta-modelleri-ve-trendleri\/#Stilinizi_Tamamlayacak_Yazlik_Canta_Secimi_Nasil_Olmali\" >Stilinizi Tamamlayacak Yazl\u0131k \u00c7anta Se\u00e7imi Nas\u0131l Olmal\u0131?<\/a><\/li><li class='ez-toc-page-1 ez-toc-heading-level-2'><a class=\"ez-toc-link ez-toc-heading-3\" href=\"https:\/\/www.divarese.com.tr\/blog\/2025-yaz-kadin-canta-modelleri-ve-trendleri\/#Sikca_Sorulan_Sorular\" >S\u0131k\u00e7a Sorulan Sorular<\/a><\/li><\/ul><\/nav><\/div>\n<p><span style=\"font-weight: 400;\">Yaz mevsimi, kombinlerin en \u00f6nemli tamamlay\u0131c\u0131lar\u0131ndan biri olan <\/span><b>kad\u0131n \u00e7anta<\/b><span style=\"font-weight: 400;\"> modellerinin parlad\u0131\u011f\u0131 d\u00f6nemdir. 2025 yaz sezonu, do\u011fall\u0131k, cesur renkler ve minimal tasar\u0131mlar\u0131n harmanland\u0131\u011f\u0131 yenilik\u00e7i bir koleksiyonla geliyor. Bu y\u0131lki yaz \u00e7anta trendleri aras\u0131nda stilinizi yans\u0131tan g\u00fc\u00e7l\u00fc moda par\u00e7as\u0131 olarak hizmet eden tasar\u0131mlara rastlayabilirsiniz. <\/span><b>Yazl\u0131k \u00e7anta<\/b><span style=\"font-weight: 400;\"> modelleri plajdan ofise, ak\u015fam davetlerinden \u015fehir gezilerine kadar her ortama uyum sa\u011flayacak \u015fekilde tasarland\u0131.<\/span><\/p>\n<h2><span class=\"ez-toc-section\" id=\"Yaz_Aylarinin_One_Cikan_Canta_Trendleri_Neler\"><\/span><span style=\"font-weight: 400;\">Yaz Aylar\u0131n\u0131n \u00d6ne \u00c7\u0131kan \u00c7anta Trendleri Neler?<\/span><span class=\"ez-toc-section-end\"><\/span><\/h2>\n<p><span style=\"font-weight: 400;\">2025 yaz\u0131, pratiklik ve esteti\u011fi bir araya getiren \u00e7anta tasar\u0131mlar\u0131yla dolu. Trendler, do\u011fadan ilham alan malzemelerden \u015fehir hayat\u0131n\u0131n h\u0131z\u0131na ayak uyduran minimal formlara kadar geni\u015f bir yelpazeyi kaps\u0131yor. <\/span><span style=\"font-weight: 400;\">yaz \u00e7anta trendleri<\/span><\/p>\n<h3><span style=\"font-weight: 400;\">Has\u0131r ve Bambu \u00c7antalar Yeniden Y\u00fckseli\u015fte<\/span><\/h3>\n<p><b>Has\u0131r \u00e7anta modelleri<\/b><span style=\"font-weight: 400;\"> ve bambu \u00e7antalar, yaz\u0131n ferah ve do\u011fal ruhunu en iyi yans\u0131tan modeller aras\u0131nda. Yaz \u00e7anta trendleri \u00f6zellikle plaj stilinde kendini g\u00f6sterir. Geni\u015f kenarl\u0131 \u015fapkalar, beyaz keten elbiseler ve d\u00fcz sandaletlerle tamamland\u0131\u011f\u0131nda hem zarif hem rahat bir g\u00f6r\u00fcn\u00fcm sa\u011flar. \u015eehir hayat\u0131nda ise midi boy keten etek, pastel tonlu bluz ve espadrillerle kombinleyerek sofistike bir yaz stili elde edebilirsiniz.<\/span><\/p>\n<h3><span style=\"font-weight: 400;\">Zincir Ask\u0131l\u0131 Mini \u00c7antalar<\/span><\/h3>\n<p><span style=\"font-weight: 400;\">Zincir ask\u0131l\u0131 mini \u00e7antalar, yaz ak\u015famlar\u0131n\u0131n kurtar\u0131c\u0131 aksesuar\u0131. G\u00fcnl\u00fck kombinlerde jean \u015fort, oversize g\u00f6mlek ve deri sandaletle dinamik bir g\u00f6r\u00fcn\u00fcm sunar. Ak\u015fam davetlerinde ise saten slip elbise ve ince bantl\u0131 topuklularla e\u015fle\u015ftirildi\u011finde kombininizde <\/span><strong><a href=\"https:\/\/www.divarese.com.tr\/abiye-canta-2225\" target=\"_blank\" rel=\"noopener\">kad\u0131n abiye \u00e7anta<\/a><\/strong><span style=\"font-weight: 400;\"> g\u00f6revi g\u00f6r\u00fcr, dolay\u0131s\u0131yla modern ve feminen bir hava yarat\u0131r.<\/span><\/p>\n<p><span style=\"font-weight: 400;\">Bu \u00e7antalar\u0131n en b\u00fcy\u00fck avantaj\u0131, hem \u015f\u0131kl\u0131k hem de pratiklik sunmalar\u0131d\u0131r. Hafif yap\u0131lar\u0131 sayesinde uzun s\u00fcre ta\u015f\u0131mak kolayd\u0131r ve zincir detay\u0131 kombine zarif bir parlakl\u0131k katar. \u00d6zellikle metalik tonlar, gece davetlerinde \u0131\u015f\u0131\u011f\u0131 yans\u0131tarak ekstra dikkat \u00e7eker. G\u00fcn i\u00e7inde ise pastel tonlu zincirli mini \u00e7antalar, spor-\u015f\u0131k kombinlere modern bir dokunu\u015f ekler.<\/span><\/p>\n<h3><span style=\"font-weight: 400;\">Renkli ve Desenli \u00c7anta Alternatifleri<\/span><\/h3>\n<p><span style=\"font-weight: 400;\">Canl\u0131 renkler ve desenler, bu yaz \u00e7antalar\u0131n odak noktas\u0131. Tropikal desenli bir \u00e7anta, beyaz \u015fort ve a\u00e7\u0131k mavi g\u00f6mlekle enerjik bir hafta sonu kombini olu\u015fturur. \u00c7i\u00e7ek bask\u0131l\u0131 modeller ise d\u00fcz renk maxi elbiselerle birle\u015fti\u011finde kombine hareket katar.<\/span><\/p>\n<p><span style=\"font-weight: 400;\">Renkli ve desenli <\/span><strong><a href=\"https:\/\/www.divarese.com.tr\/el-cantasi-57\" target=\"_blank\" rel=\"noopener\">kad\u0131n el \u00e7antas\u0131<\/a><\/strong><span style=\"font-weight: 400;\"> \u00e7e\u015fitleri sade k\u0131yafetlerde odak noktas\u0131 yaratarak stilinize karakter katar. Bu modeller, \u00f6zellikle yaz festivalleri, a\u00e7\u0131k hava konserleri ve tatil destinasyonlar\u0131nda kullan\u0131ld\u0131\u011f\u0131nda enerjik bir hava sunar. \u00c7antan\u0131n rengini, ayakkab\u0131 veya sa\u00e7 aksesuar\u0131yla e\u015fle\u015ftirmek de b\u00fct\u00fcnl\u00fc\u011f\u00fc art\u0131ran k\u00fc\u00e7\u00fck ama etkili bir detayd\u0131r.<\/span><\/p>\n<h3><span style=\"font-weight: 400;\">Oversize \u00c7antalarda Minimal Dokunu\u015flar<\/span><\/h3>\n<p><span style=\"font-weight: 400;\">Minimal \u00e7izgilere sahip <\/span><b>b\u00fcy\u00fck \u00e7anta \u00f6nerileri<\/b><span style=\"font-weight: 400;\">, hem fonksiyonel hem \u015f\u0131k bir kullan\u0131m sunar. Hafta i\u00e7i ofiste pastel tonlu bir pantolon tak\u0131m\u0131yla uyum sa\u011flayabilir, hafta sonu ise keten tulum ve loafer ile casual bir stil yaratabilirsiniz.<\/span><\/p>\n<p><span style=\"font-weight: 400;\">Oversize \u00e7antalar, geni\u015f i\u00e7 hacmiyle g\u00fcn boyu yan\u0131n\u0131zda ta\u015f\u0131man\u0131z gereken her \u015feyi d\u00fczenli bir \u015fekilde saklaman\u0131za imk\u00e2n tan\u0131r. Bu modeller, \u00f6zellikle seyahatlerde veya yo\u011fun i\u015f g\u00fcnlerinde kurtar\u0131c\u0131 rol \u00fcstlenir. Yaz aylar\u0131nda a\u00e7\u0131k tonlu deri veya keten dokulu oversize \u00e7antalar, hem hafifli\u011fi hem de zarafeti bir arada sunar..<\/span><\/p>\n<h2><span class=\"ez-toc-section\" id=\"Stilinizi_Tamamlayacak_Yazlik_Canta_Secimi_Nasil_Olmali\"><\/span><span style=\"font-weight: 400;\">Stilinizi Tamamlayacak Yazl\u0131k \u00c7anta Se\u00e7imi Nas\u0131l Olmal\u0131?<\/span><span class=\"ez-toc-section-end\"><\/span><\/h2>\n<p><span style=\"font-weight: 400;\">Yaz \u00e7antas\u0131 se\u00e7erken trendleri takip etmek kadar, g\u00fcnl\u00fck ya\u015fam tarz\u0131n\u0131za uyum sa\u011flayacak modellere y\u00f6nelmek de \u00f6nemli. \u0130\u015fte stilinizi tamamlarken \u015f\u0131kl\u0131\u011f\u0131n\u0131za \u015f\u0131k dokunu\u015flar katacak <\/span><span style=\"font-weight: 400;\">yazl\u0131k \u00e7anta \u00f6nerileri ve uyumlu kombinler.<\/span><span style=\"font-weight: 400;\">\u00a0<\/span><\/p>\n<h3><span style=\"font-weight: 400;\">Kombinlerde Renk Uyumu Yakalamak<\/span><\/h3>\n<p><span style=\"font-weight: 400;\">\u00c7antan\u0131z\u0131n rengi, kombinin b\u00fct\u00fcnl\u00fc\u011f\u00fcn\u00fc tamamlayan en \u00f6nemli detaylardan biridir. \u00d6zellikle yaz aylar\u0131nda renk uyumu, hem stilinizi yans\u0131tmak hem de g\u00f6ze hitap eden dengeli bir g\u00f6r\u00fcn\u00fcm olu\u015fturmak a\u00e7\u0131s\u0131ndan kritik rol oynar. Krem, bej ve beyaz gibi a\u00e7\u0131k tonlar; hafif kuma\u015fl\u0131 elbiseler, keten pantolonlar ve pastel tonlu bluzlarla birle\u015fti\u011finde sofistike bir hava yarat\u0131r. Turuncu, pembe ve mavi gibi canl\u0131 renkler ise sade kombinleri an\u0131nda enerjik hale getirir. \u00d6rne\u011fin, turuncu bir \u00e7anta ile beyaz keten pantolon ve mavi \u00e7izgili g\u00f6mlek kombini hem dikkat \u00e7ekici hem de dengeli bir yaz stili sunar. Ayr\u0131ca, ayakkab\u0131 ve aksesuar renklerini \u00e7anta tonuyla uyumland\u0131rmak, kombininizi daha b\u00fct\u00fcnl\u00fckl\u00fc g\u00f6sterir.<\/span><\/p>\n<p><img loading=\"lazy\" decoding=\"async\" class=\"size-medium wp-image-837 aligncenter\" src=\"https:\/\/www.divarese.com.tr\/blog\/wp-content\/uploads\/2025\/12\/1-3-169x300.jpg\" alt=\"Yaz kad\u0131n \u00e7anta modelleri\" width=\"169\" height=\"300\" srcset=\"https:\/\/www.divarese.com.tr\/blog\/wp-content\/uploads\/2025\/12\/1-3-169x300.jpg 169w, https:\/\/www.divarese.com.tr\/blog\/wp-content\/uploads\/2025\/12\/1-3.jpg 540w\" sizes=\"auto, (max-width: 169px) 100vw, 169px\" \/><\/p>\n<h3><span style=\"font-weight: 400;\">G\u00fcnl\u00fck Kullan\u0131m \u0130\u00e7in \u0130deal Modeller<\/span><\/h3>\n<p><b>G\u00fcnl\u00fck \u00e7anta modelleri<\/b><span style=\"font-weight: 400;\">, hem i\u015f hayat\u0131n\u0131n temposuna hem de hafta sonu aktivitelerine uyum sa\u011flayacak \u015fekilde se\u00e7ilmelidir. \u00c7apraz ask\u0131l\u0131 \u00e7antalar, hareket \u00f6zg\u00fcrl\u00fc\u011f\u00fc sunarken g\u00fcvenli kullan\u0131m imk\u00e2n\u0131 verir. Bucket \u00e7antalar ise spor-\u015f\u0131k kombinlerde rahat\u00e7a tercih edilebilir. Orta boy omuz \u00e7antalar\u0131, hem evrak hem ki\u015fisel e\u015fyalar\u0131n\u0131z\u0131 ta\u015f\u0131yabilece\u011finiz pratiklikte olur. Klasik siyah ya da camel tonlu bir \u00e7apraz ask\u0131l\u0131 model, ofiste kalem etek ve g\u00f6mlekle profesyonel bir duru\u015f sergilerken, hafta sonu brunch\u2019\u0131nda denim tulum ve sneaker ile konforlu bir \u015fehir stili yarat\u0131r. Yaz aylar\u0131nda hafif dokulu kuma\u015f veya has\u0131r detayl\u0131 modeller, g\u00fcnl\u00fck \u015f\u0131kl\u0131\u011fa ferah bir dokunu\u015f katar.<\/span><\/p>\n<h3><span style=\"font-weight: 400;\">Plaj ve Tatil \u00c7antas\u0131 \u00d6nerileri<\/span><\/h3>\n<p><span style=\"font-weight: 400;\">Plajda kullan\u0131lacak \u00e7antalar, geni\u015f i\u00e7 hacmi, hafifli\u011fi ve dayan\u0131kl\u0131l\u0131\u011f\u0131 ile \u00f6ne \u00e7\u0131kar. Has\u0131r \u00e7antalar, renkli pareolar, has\u0131r \u015fapkalar ve deri sandaletlerle tamamland\u0131\u011f\u0131nda tatil ruhunu en iyi \u015fekilde yans\u0131t\u0131r. Tatil ak\u015famlar\u0131nda ise bambu el \u00e7antas\u0131, ince ask\u0131l\u0131 hafif bir yaz elbisesi ve d\u00fcz sandaletlerle kombinlendi\u011finde do\u011fal bir zarafet sunar. Suya dayan\u0131kl\u0131 kuma\u015f \u00e7antalar, tekne gezilerinde veya havuz kenar\u0131nda pratik bir kullan\u0131m sa\u011flarken, fermuarl\u0131 b\u00f6lmeler de\u011ferli e\u015fyalar\u0131n\u0131z\u0131 koruman\u0131za yard\u0131mc\u0131 olur. Ayr\u0131ca, plajdan ak\u015fam\u00fcst\u00fc \u015fehir gezisine ge\u00e7i\u015f yapabilece\u011finiz \u00e7ok ama\u00e7l\u0131 tasar\u0131mlar bu yaz\u0131n en i\u015flevsel se\u00e7enekleri aras\u0131nda yer al\u0131r.<\/span><\/p>\n<h3><span style=\"font-weight: 400;\">Ofis \u015e\u0131kl\u0131\u011f\u0131na Uygun Yaz \u00c7antalar\u0131<\/span><\/h3>\n<p><b>Yazl\u0131k ofis \u00e7antas\u0131<\/b><span style=\"font-weight: 400;\"> se\u00e7iminde hem i\u015flevsellik hem estetik \u00f6n planda olmal\u0131d\u0131r. D\u00fcz renk deri tote \u00e7antalar, belgelerinizi ve g\u00fcnl\u00fck e\u015fyalar\u0131n\u0131z\u0131 d\u00fczenli bir \u015fekilde ta\u015f\u0131man\u0131za imk\u00e2n tan\u0131r. N\u00f6tr tonlu blazer ve sigaret pantolon ile birle\u015fti\u011finde profesyonel bir g\u00f6r\u00fcn\u00fcm sunar. Soft pastel tonlarda ve ince zincir detayl\u0131 bir \u00e7anta, yaz ofis stilinize taze bir dokunu\u015f eklerken fazla resmi g\u00f6r\u00fcn\u00fcmden uzakla\u015ft\u0131r\u0131r. \u0130\u00e7 b\u00f6lmeleri d\u00fczenli tasarlanm\u0131\u015f modeller, hem diz\u00fcst\u00fc bilgisayar hem de ki\u015fisel e\u015fyalar i\u00e7in idealdir. Hafif malzemelerden \u00fcretilmi\u015f, omuzda a\u011f\u0131rl\u0131k yapmayan tasar\u0131mlar, yaz\u0131n s\u0131cak g\u00fcnlerinde konforunuzu art\u0131r\u0131r.<\/span><\/p>\n<h2><span class=\"ez-toc-section\" id=\"Sikca_Sorulan_Sorular\"><\/span><span style=\"font-weight: 400;\">S\u0131k\u00e7a Sorulan Sorular<\/span><span class=\"ez-toc-section-end\"><\/span><\/h2>\n<h3><span style=\"font-weight: 400;\">2025 yaz \u00e7antalar\u0131 aras\u0131nda en pop\u00fcler modeller hangileri?<\/span><\/h3>\n<p><span style=\"font-weight: 400;\">Has\u0131r \u00e7anta, bambu \u00e7anta, zincir ask\u0131l\u0131 mini \u00e7anta ve minimal tasar\u0131ml\u0131 oversize modeller bu sezonun favorileri aras\u0131nda. \u00d6zellikle do\u011fal dokular ve canl\u0131 renkler, trendlerin merkezinde.<\/span><\/p>\n<h3><span style=\"font-weight: 400;\">Has\u0131r \u00e7anta neyle kombinlenir?<\/span><\/h3>\n<p><span style=\"font-weight: 400;\">Has\u0131r \u00e7anta, keten elbiseler, midi boy etekler, espadriller ve yazl\u0131k \u015fapkalarla kombinlendi\u011finde yaz ruhunu en iyi \u015fekilde yans\u0131t\u0131r. G\u00fcnl\u00fck \u015fehir stilinde ise beyaz pantolon, \u00e7izgili ti\u015f\u00f6rt ve deri sandaletlerle do\u011fal ama \u015f\u0131k bir g\u00f6r\u00fcn\u00fcm sa\u011flar.<\/span><\/p>\n<h3><span style=\"font-weight: 400;\">Bambu \u00e7anta ya\u011fmura dayan\u0131kl\u0131 m\u0131?<\/span><\/h3>\n<p><span style=\"font-weight: 400;\">Bambu \u00e7antalar suya kar\u015f\u0131 hassast\u0131r ve ya\u011f\u0131\u015fl\u0131 havalarda kullan\u0131lmamas\u0131 \u00f6nerilir. Ancak suya dayan\u0131kl\u0131 bir k\u0131l\u0131f veya \u00e7anta koruyucu ile daha g\u00fcvenli \u015fekilde ta\u015f\u0131yabilirsiniz.<\/span><\/p>\n<h3><span style=\"font-weight: 400;\">G\u00fcnl\u00fck kullan\u0131mda en uygun yaz \u00e7antas\u0131 hangisi?<\/span><\/h3>\n<p><span style=\"font-weight: 400;\">\u00c7apraz ask\u0131l\u0131 ve orta boy omuz \u00e7antalar\u0131, g\u00fcn boyu konfor ve hareket \u00f6zg\u00fcrl\u00fc\u011f\u00fc sunar. \u00d6zellikle n\u00f6tr tonlarda bir model, farkl\u0131 kombinlerle kolayca uyum sa\u011flar.<\/span><\/p>\n<h3><span style=\"font-weight: 400;\">Yazl\u0131k \u00e7anta al\u0131rken nelere dikkat edilmeli?<\/span><\/h3>\n<p><span style=\"font-weight: 400;\">Malzeme kalitesi, hafiflik, ta\u015f\u0131ma kapasitesi ve kapama detaylar\u0131 (fermuar, m\u0131knat\u0131s vb.) \u00f6nemlidir. Ayr\u0131ca \u00e7antan\u0131z\u0131n tarz\u0131, g\u00fcnl\u00fck ya\u015fam tarz\u0131n\u0131za ve kombininizin genel \u00e7izgisine uyum g\u00f6stermelidir.<\/span><\/p>\n<p><span style=\"font-weight: 400;\">Has\u0131rdan bambuya, zincir ask\u0131l\u0131 mini \u00e7antalardan oversize modellere kadar 2025\u2019in en trend yazl\u0131k \u00e7anta koleksiyonunu ke\u015ffedin. Divarese\u2019nin Kad\u0131n kategorisinin alt\u0131nda yer alan <\/span><strong><a href=\"https:\/\/www.divarese.com.tr\/canta-155\" target=\"_blank\" rel=\"noopener\">kad\u0131n \u00e7anta<\/a><\/strong><span style=\"font-weight: 400;\"> kategorisinde, stilinize uygun en \u015f\u0131k ve fonksiyonel modeller sizi bekliyor.<\/span><\/p>\n","protected":false},"excerpt":{"rendered":"<p>Yaz mevsimi, kombinlerin en \u00f6nemli tamamlay\u0131c\u0131lar\u0131ndan biri olan kad\u0131n \u00e7anta modellerinin parlad\u0131\u011f\u0131 d\u00f6nemdir. 2025 yaz sezonu, do\u011fall\u0131k, cesur renkler ve minimal tasar\u0131mlar\u0131n harmanland\u0131\u011f\u0131 yenilik\u00e7i bir koleksiyonla geliyor. Bu y\u0131lki yaz \u00e7anta trendleri aras\u0131nda stilinizi yans\u0131tan g\u00fc\u00e7l\u00fc moda par\u00e7as\u0131 olarak hizmet eden tasar\u0131mlara rastlayabilirsiniz. Yazl\u0131k \u00e7anta modelleri plajdan ofise, ak\u015fam davetlerinden \u015fehir gezilerine kadar her ortama [&hellip;]<\/p>\n","protected":false},"author":3,"featured_media":838,"comment_status":"open","ping_status":"open","sticky":false,"template":"","format":"standard","meta":{"footnotes":""},"categories":[1],"tags":[23],"class_list":{"0":"post-836","1":"post","2":"type-post","3":"status-publish","4":"format-standard","5":"has-post-thumbnail","7":"category-moda","8":"tag-canta"},"_links":{"self":[{"href":"https:\/\/www.divarese.com.tr\/blog\/wp-json\/wp\/v2\/posts\/836","targetHints":{"allow":["GET"]}}],"collection":[{"href":"https:\/\/www.divarese.com.tr\/blog\/wp-json\/wp\/v2\/posts"}],"about":[{"href":"https:\/\/www.divarese.com.tr\/blog\/wp-json\/wp\/v2\/types\/post"}],"author":[{"embeddable":true,"href":"https:\/\/www.divarese.com.tr\/blog\/wp-json\/wp\/v2\/users\/3"}],"replies":[{"embeddable":true,"href":"https:\/\/www.divarese.com.tr\/blog\/wp-json\/wp\/v2\/comments?post=836"}],"version-history":[{"count":2,"href":"https:\/\/www.divarese.com.tr\/blog\/wp-json\/wp\/v2\/posts\/836\/revisions"}],"predecessor-version":[{"id":840,"href":"https:\/\/www.divarese.com.tr\/blog\/wp-json\/wp\/v2\/posts\/836\/revisions\/840"}],"wp:featuredmedia":[{"embeddable":true,"href":"https:\/\/www.divarese.com.tr\/blog\/wp-json\/wp\/v2\/media\/838"}],"wp:attachment":[{"href":"https:\/\/www.divarese.com.tr\/blog\/wp-json\/wp\/v2\/media?parent=836"}],"wp:term":[{"taxonomy":"category","embeddable":true,"href":"https:\/\/www.divarese.com.tr\/blog\/wp-json\/wp\/v2\/categories?post=836"},{"taxonomy":"post_tag","embeddable":true,"href":"https:\/\/www.divarese.com.tr\/blog\/wp-json\/wp\/v2\/tags?post=836"}],"curies":[{"name":"wp","href":"https:\/\/api.w.org\/{rel}","templated":true}]}}