{"id":794,"date":"2025-06-12T14:41:49","date_gmt":"2025-06-12T11:41:49","guid":{"rendered":"https:\/\/www.divarese.com.tr\/blog\/?p=794"},"modified":"2025-09-02T14:46:04","modified_gmt":"2025-09-02T11:46:04","slug":"renkli-cantalar-geri-dondu-bu-yazin-gozde-renkleri-ve-modelleri","status":"publish","type":"post","link":"https:\/\/www.divarese.com.tr\/blog\/renkli-cantalar-geri-dondu-bu-yazin-gozde-renkleri-ve-modelleri\/","title":{"rendered":"Renkli \u00c7antalar Geri D\u00f6nd\u00fc: Bu Yaz\u0131n G\u00f6zde Renkleri ve Modelleri"},"content":{"rendered":"<div id=\"ez-toc-container\" class=\"ez-toc-v2_0_81 ez-toc-wrap-center counter-hierarchy ez-toc-counter ez-toc-white ez-toc-container-direction\">\n<div class=\"ez-toc-title-container\">\n<p class=\"ez-toc-title\" style=\"cursor:inherit\">Ak\u0131\u015f<\/p>\n<span class=\"ez-toc-title-toggle\"><a href=\"#\" class=\"ez-toc-pull-right ez-toc-btn ez-toc-btn-xs ez-toc-btn-default ez-toc-toggle\" aria-label=\"\u0130\u00e7indekiler Tablosunu A\u00e7\/Kapat\"><span class=\"ez-toc-js-icon-con\"><span class=\"\"><span class=\"eztoc-hide\" style=\"display:none;\">Toggle<\/span><span class=\"ez-toc-icon-toggle-span\"><svg style=\"fill: #999;color:#999\" xmlns=\"http:\/\/www.w3.org\/2000\/svg\" class=\"list-377408\" width=\"20px\" height=\"20px\" viewBox=\"0 0 24 24\" fill=\"none\"><path d=\"M6 6H4v2h2V6zm14 0H8v2h12V6zM4 11h2v2H4v-2zm16 0H8v2h12v-2zM4 16h2v2H4v-2zm16 0H8v2h12v-2z\" fill=\"currentColor\"><\/path><\/svg><svg style=\"fill: #999;color:#999\" class=\"arrow-unsorted-368013\" xmlns=\"http:\/\/www.w3.org\/2000\/svg\" width=\"10px\" height=\"10px\" viewBox=\"0 0 24 24\" version=\"1.2\" baseProfile=\"tiny\"><path d=\"M18.2 9.3l-6.2-6.3-6.2 6.3c-.2.2-.3.4-.3.7s.1.5.3.7c.2.2.4.3.7.3h11c.3 0 .5-.1.7-.3.2-.2.3-.5.3-.7s-.1-.5-.3-.7zM5.8 14.7l6.2 6.3 6.2-6.3c.2-.2.3-.5.3-.7s-.1-.5-.3-.7c-.2-.2-.4-.3-.7-.3h-11c-.3 0-.5.1-.7.3-.2.2-.3.5-.3.7s.1.5.3.7z\"\/><\/svg><\/span><\/span><\/span><\/a><\/span><\/div>\n<nav><ul class='ez-toc-list ez-toc-list-level-1 ' ><li class='ez-toc-page-1 ez-toc-heading-level-2'><a class=\"ez-toc-link ez-toc-heading-1\" href=\"https:\/\/www.divarese.com.tr\/blog\/renkli-cantalar-geri-dondu-bu-yazin-gozde-renkleri-ve-modelleri\/#Yaz_2025_Canta_Modasinda_Canli_Renklerin_Yukselisi\" >Yaz 2025 \u00c7anta Modas\u0131nda Canl\u0131 Renklerin Y\u00fckseli\u015fi<\/a><\/li><li class='ez-toc-page-1 ez-toc-heading-level-2'><a class=\"ez-toc-link ez-toc-heading-2\" href=\"https:\/\/www.divarese.com.tr\/blog\/renkli-cantalar-geri-dondu-bu-yazin-gozde-renkleri-ve-modelleri\/#Divarese_Koleksiyonundan_One_Cikan_Renkli_Canta_Modelleri\" >Divarese Koleksiyonundan \u00d6ne \u00c7\u0131kan Renkli \u00c7anta Modelleri<\/a><\/li><li class='ez-toc-page-1 ez-toc-heading-level-2'><a class=\"ez-toc-link ez-toc-heading-3\" href=\"https:\/\/www.divarese.com.tr\/blog\/renkli-cantalar-geri-dondu-bu-yazin-gozde-renkleri-ve-modelleri\/#Renkli_Cantalari_Kombinleme_Ipuclari\" >Renkli \u00c7antalar\u0131 Kombinleme \u0130pu\u00e7lar\u0131<\/a><\/li><li class='ez-toc-page-1 ez-toc-heading-level-2'><a class=\"ez-toc-link ez-toc-heading-4\" href=\"https:\/\/www.divarese.com.tr\/blog\/renkli-cantalar-geri-dondu-bu-yazin-gozde-renkleri-ve-modelleri\/#Renkli_Cantalarinizin_Bakimi_ve_Korunmasi\" >Renkli \u00c7antalar\u0131n\u0131z\u0131n Bak\u0131m\u0131 ve Korunmas\u0131<\/a><\/li><\/ul><\/nav><\/div>\n<p><span style=\"font-weight: 400;\">\u0130lkbahar\/Yaz 2025 sezonu defilelerinde g\u00f6r\u00fcnen \u00e7anta modellerinde pratiklik \u00f6n plandayd\u0131. K\u00fc\u00e7\u00fclt\u00fclm\u00fc\u015f mini el \u00e7antalar\u0131ndan farkl\u0131 \u015fekil ve kuma\u015flarla gelen geni\u015f modellere kadar her tasar\u0131mda dikkat \u00e7eken bir di\u011fer unsur da rengarenk olu\u015flar\u0131yd\u0131.\u00a0<\/span><\/p>\n<h2><span class=\"ez-toc-section\" id=\"Yaz_2025_Canta_Modasinda_Canli_Renklerin_Yukselisi\"><\/span><span style=\"font-weight: 400;\">Yaz 2025 \u00c7anta Modas\u0131nda Canl\u0131 Renklerin Y\u00fckseli\u015fi<\/span><span class=\"ez-toc-section-end\"><\/span><\/h2>\n<p><span style=\"font-weight: 400;\">2025 Yaz trend \u00e7anta renkleri\u00a0 \u00e7ok canl\u0131 ve enerjik tasar\u0131mlar\u0131yla dikkat \u00e7eker. Dokulu formlar sayesinde \u0131\u015f\u0131k &#8211; g\u00f6lge oyunlar\u0131n\u0131 da \u00fczerinde ta\u015f\u0131yan \u00e7anta modelleri g\u00fcn boyunca kombinlerinize derinlik katmak i\u00e7in tasarlan\u0131r. \u00d6zellikle has\u0131r \u00e7antalarda birbirine kontrast renklerden olu\u015fturulan desenler, \u00f6rg\u00fc detaylar dikkat \u00e7eker. Genel olarak \u00e7antalar\u0131 tamamlayan metalik saplar, kemer detaylar\u0131 ve do\u011fal g\u00f6zenekli dokular b\u00fcy\u00fck ilgi g\u00f6r\u00fcr. Canl\u0131 renkler aras\u0131nda sar\u0131, turuncu, mavi gibi renkleri g\u00f6rmeniz m\u00fcmk\u00fcnd\u00fcr.<\/span><\/p>\n<h3><span style=\"font-weight: 400;\">Pastel Tonlar\u0131n Sakin Dokunu\u015fu<\/span><\/h3>\n<p><span style=\"font-weight: 400;\">Divarese koleksiyonunda dikkat \u00e7eken pastel renk \u00e7anta modelleri genel kombine sakin bir enerji katar. Mint, buz mavisi, a\u00e7\u0131k bej, ekru gibi renkler monokrom kombinlerle e\u015fle\u015ftirildi\u011finde stildeki zarafeti \u00f6ne \u00e7\u0131kar\u0131r. Trendlerde yer alan butter yellow, lavanta, ada\u00e7ay\u0131 ye\u015fili, serenity mavisi gibi pastel renkler nat\u00fcrel bir stil yaratman\u0131z\u0131 sa\u011flar.\u00a0<\/span><\/p>\n<h3><span style=\"font-weight: 400;\">Neon Renklerin Enerjisi<\/span><\/h3>\n<p><span style=\"font-weight: 400;\">2025 yaz sezonunda neon \u00e7anta trendi de \u00e7ok canl\u0131 ve g\u00fcnceldir. Podyumlarda dikkat \u00e7eken neon renkler limon sar\u0131s\u0131, asit ye\u015fili, elektrik mavisi ve fu\u015fya gibi tonlardan olu\u015fur. Neon \u00e7antalar bu sezon cesur stil tercihlerinin yan\u0131nda minimal kombinleri vurgulamak i\u00e7in de ideal bir aksesuar olarak \u00f6ne \u00e7\u0131kt\u0131. Modada fark edilmenin, g\u00f6r\u00fclmenin bir duru\u015f simgesi oldu\u011fu 2025 yaz sezonunda neon tonlar g\u00fcnl\u00fck sil\u00fcetlere e\u015flik etmeye ba\u015flad\u0131. \u00d6zellikle monokrom ya da pastel n\u00f6tr kombinler neon \u00e7antayla enerjik bir kontrast yakal\u0131yor.<\/span><\/p>\n<h3><span style=\"font-weight: 400;\">Klasik Renklerde Yeni Yorumlar<\/span><\/h3>\n<p><span style=\"font-weight: 400;\">2025 y\u0131l\u0131 trendlerinde yer alan yazl\u0131k renkli \u00e7antalar aras\u0131nda klasik renklerin yeniden yorumland\u0131\u011f\u0131 modelleri de g\u00f6rmek m\u00fcmk\u00fcn. \u00d6zellikle zeminde n\u00f6tr tonlar\u0131n olu\u015fturdu\u011fu paletlere mocha kahve, krem ve bej tonlar\u0131yla modern dokunu\u015flar yap\u0131l\u0131yor. B\u00f6ylelikle hem \u015fehirli hem de yaz ruhuna uygun kombinlerle uyum sa\u011flayan zamans\u0131z \u015f\u0131k \u00e7antalar ile stilinizi tamamlayabilirsiniz.<\/span><\/p>\n<p><img loading=\"lazy\" decoding=\"async\" class=\"size-medium wp-image-796 aligncenter\" src=\"https:\/\/www.divarese.com.tr\/blog\/wp-content\/uploads\/2025\/09\/resim2_960x540-2-300x169.jpg\" alt=\"Renkli \u00c7antalar \" width=\"300\" height=\"169\" srcset=\"https:\/\/www.divarese.com.tr\/blog\/wp-content\/uploads\/2025\/09\/resim2_960x540-2-300x169.jpg 300w, https:\/\/www.divarese.com.tr\/blog\/wp-content\/uploads\/2025\/09\/resim2_960x540-2-768x432.jpg 768w, https:\/\/www.divarese.com.tr\/blog\/wp-content\/uploads\/2025\/09\/resim2_960x540-2-696x392.jpg 696w, https:\/\/www.divarese.com.tr\/blog\/wp-content\/uploads\/2025\/09\/resim2_960x540-2-750x422.jpg 750w, https:\/\/www.divarese.com.tr\/blog\/wp-content\/uploads\/2025\/09\/resim2_960x540-2.jpg 960w\" sizes=\"auto, (max-width: 300px) 100vw, 300px\" \/><\/p>\n<h2><span class=\"ez-toc-section\" id=\"Divarese_Koleksiyonundan_One_Cikan_Renkli_Canta_Modelleri\"><\/span><span style=\"font-weight: 400;\">Divarese Koleksiyonundan \u00d6ne \u00c7\u0131kan Renkli \u00c7anta Modelleri<\/span><span class=\"ez-toc-section-end\"><\/span><\/h2>\n<p><span style=\"font-weight: 400;\">Divarese\u2019in kad\u0131n kategorisinde yer alan g\u00fcnl\u00fck renkli \u00e7antalar kombinlerinizin enerjisini y\u00fckseltirken stilinize \u015f\u0131k bir dokunu\u015f sa\u011flar. Has\u0131r, kapitone, kuma\u015f, s\u00fcet ve deri gibi farkl\u0131 materyallerle tasarlanan modeller farkl\u0131 renk, desen ve aksesuarlar\u0131yla da dikkat \u00e7eker.<\/span><\/p>\n<h3><span style=\"font-weight: 400;\">K\u00fc\u00e7\u00fck ve \u015e\u0131k El \u00c7antalar\u0131<\/span><\/h3>\n<p><span style=\"font-weight: 400;\">K\u00fc\u00e7\u00fck ve \u015f\u0131k el \u00e7antalar\u0131, zarifli\u011fiyle dikkat \u00e7eken kombinlerin vazge\u00e7ilmez tamamlay\u0131c\u0131s\u0131d\u0131r. \u00d6zellikle minimal, iyi kesimli k\u0131yafetlerle e\u015fle\u015ftirildi\u011finde stilin etkisini katlar. \u00d6rne\u011fin midi boy elbiseler, y\u00fcksek belli pantolon\u2013g\u00f6mlek ikilileri ya da blazer ceketli tak\u0131mlar gibi net ve sade g\u00f6r\u00fcn\u00fcmlerle kullan\u0131ld\u0131\u011f\u0131nda, k\u00fc\u00e7\u00fck renkli \u00e7anta t\u00fcm kombinin odak noktas\u0131 h\u00e2line gelir. K\u00fc\u00e7\u00fck <\/span><strong><a href=\"https:\/\/www.divarese.com.tr\/el-cantasi-57\" target=\"_blank\" rel=\"noopener\">kad\u0131n el \u00e7antas\u0131<\/a><\/strong><span style=\"font-weight: 400;\"> modelleri ak\u015fam davetlerinden i\u015f yemeklerine, \u015fehirde ge\u00e7irilen \u015f\u0131k bir g\u00fcnden \u00f6zel bir randevuya kadar pek \u00e7ok farkl\u0131 ortamda kullan\u0131labilir. Saten, rugan ya da metalik detayl\u0131 modeller gece stiline sofistike bir dokunu\u015f katar. Mat deri ya da pastel tonlardaki el \u00e7antalar\u0131 g\u00fcnd\u00fcz \u015f\u0131kl\u0131\u011f\u0131n\u0131 destekler.<\/span><\/p>\n<h3><span style=\"font-weight: 400;\">Fonksiyonel ve Rahat Omuz \u00c7antalar\u0131<\/span><\/h3>\n<p><span style=\"font-weight: 400;\">2025 yaz sezonunun bir di\u011fer trend aksesuar\u0131 da fonksiyonel ve bir o kadar da rahat omuz \u00e7antalar\u0131. \u00d6zellikle piknik, hafta sonu gezileri ve \u015fehirli g\u00fcnlerde \u00f6ne \u00e7\u0131kan naylon, kanvas, \u00f6rme ve rafya \u00e7e\u015fitler stilinize dinamik bir detay kazand\u0131r\u0131r. Omuz \u00e7antas\u0131 renkli ya da canl\u0131 renklerden olu\u015fan desenli modelleri ile sportif \u015f\u0131kl\u0131ktan bohem elbiselere, keten kombinlere ve minimal ofis \u015f\u0131kl\u0131\u011f\u0131na kadar \u00e7ok farkl\u0131 stillere uyum sa\u011flar. Ayarlanabilir ask\u0131lar\u0131 ve bol i\u00e7 hacimleri sayesinde g\u00fcnl\u00fck kullan\u0131m i\u00e7in ideal olan modeller, ak\u015fam\u00fcst\u00fc gezmeleri ya da yaz festivalleri gibi informal anlarda da sizinle birlikte olur. Pratiklik ve ifade g\u00fcc\u00fcn\u00fc bir arada sunan omuz \u00e7antalar\u0131, 2025 yaz\u0131nda hem rahat\u0131n\u0131z\u0131 hem stilinizi y\u00fckseltmenin en trend yoludur.<\/span><\/p>\n<h3><span style=\"font-weight: 400;\">Geni\u015f \u0130\u00e7 Hacimli Tote ve Plaj \u00c7antalar\u0131<\/span><\/h3>\n<p><span style=\"font-weight: 400;\">Bu yaz b\u00fcy\u00fck renkli \u00e7anta \u00e7e\u015fitleri de \u00e7ok moda. \u00d6zellikle has\u0131r, rafya, kanvas gibi materyallerle zenginle\u015ftirilmi\u015f toteler ve plaj \u00e7antas\u0131 modelleri do\u011fal ve \u015f\u0131k bir g\u00f6r\u00fcn\u00fcm sunar. Geni\u015f i\u00e7 hacme sahip \u00e7antalar fermuarl\u0131 b\u00f6lmeler ya da \u00e7\u0131kar\u0131labilir i\u00e7 kese detaylar\u0131yla tasarlan\u0131r. B\u00f6ylelikle fonksiyonelli\u011fi artar ve kullan\u0131c\u0131 dostu tasar\u0131m\u0131yla hem plajda hem \u015fehirde kullan\u0131labilir. Renk paletinde ise n\u00f6tr kahve tonlar\u0131ndan turuncu, mercan, sar\u0131 ve aqua mavi gibi canl\u0131 tonlara kadar geni\u015f bir \u00e7e\u015fitlilik bulunur.\u00a0<\/span><\/p>\n<h3><span style=\"font-weight: 400;\">Pratik ve Modern \u00c7apraz Ask\u0131l\u0131 \u00c7antalar<\/span><\/h3>\n<p><span style=\"font-weight: 400;\">2025 yaz sezonunda renkli, pratik ve modern \u00e7apraz ask\u0131l\u0131 renkli \u00e7anta \u00e7e\u015fitleri de dikkat \u00e7eker. Parlak sar\u0131, lime ye\u015fili, turuncu ve elektrik mavisi gibi enerjik tonlar sade kombinlere canl\u0131l\u0131k katarken minimal tasar\u0131mlar sayesinde \u00e7anta i\u015flevsel bir aksesuar olmaktan \u00e7\u0131k\u0131p kombinin odak noktas\u0131 haline gelir. Ayarlanabilir ask\u0131, \u00e7ok b\u00f6lmeli i\u00e7 tasar\u0131m ve hafif malzeme gibi \u00f6zellikler de g\u00fcnl\u00fck kullan\u0131m\u0131 kolayla\u015ft\u0131r\u0131r. Spor \u015f\u0131kl\u0131k, sokak stili ya da tatil kombinlerinde rahatl\u0131kla kullan\u0131labilen modeller, yaz\u0131n vazge\u00e7ilmez \u015fehir aksesuar\u0131 olarak \u00f6ne \u00e7\u0131kar.<\/span><\/p>\n<h2><span class=\"ez-toc-section\" id=\"Renkli_Cantalari_Kombinleme_Ipuclari\"><\/span><span style=\"font-weight: 400;\">Renkli \u00c7antalar\u0131 Kombinleme \u0130pu\u00e7lar\u0131<\/span><span class=\"ez-toc-section-end\"><\/span><\/h2>\n<p><span style=\"font-weight: 400;\">G\u00fcnl\u00fck kullan\u0131m ya da \u00f6zel g\u00fcn renkli \u00e7anta \u00e7e\u015fitlerini trende uygun \u015fekilde kullanmak i\u00e7in baz\u0131 kombinleme ipu\u00e7lar\u0131na dikkat etmek gerekir. Stil dengesi i\u00e7in renk, desen, materyal ve tasar\u0131m\u0131n yan\u0131 s\u0131ra hangi par\u00e7alarla e\u015fle\u015ftirdi\u011finize dikkat etmeniz \u00f6nem ta\u015f\u0131r. \u0130\u015fte baz\u0131 kombinleme ipu\u00e7lar\u0131.<\/span><\/p>\n<h3><span style=\"font-weight: 400;\">Tek Renk K\u0131yafetlerle Canl\u0131 \u00c7anta Dokunu\u015fu<\/span><\/h3>\n<p><span style=\"font-weight: 400;\">Renkli \u00e7antalarla tek renk (monokrom) k\u0131yafetleri kombinlemek, sade bir g\u00f6r\u00fcn\u00fcm\u00fc bir anda dikkat \u00e7ekici hale getirmenin en zarif yollar\u0131ndan biridir. Renkli <\/span><strong><a href=\"https:\/\/www.divarese.com.tr\/canta-155\" target=\"_blank\" rel=\"noopener\">kad\u0131n \u00e7anta<\/a><\/strong><span style=\"font-weight: 400;\"> ile monokrom k\u0131yafetleri kombinlerken bir par\u00e7an\u0131n \u00f6n plana \u00e7\u0131kmas\u0131na izin vermeniz gerekir. Bu par\u00e7a \u00e7antaysa k\u0131yafetlerinizde n\u00f6tr ya da d\u00fcz tonlar tercih etmelisiniz. Mor &#8211; ye\u015fil ya da turuncu &#8211; mavi gibi z\u0131t renkleri bir araya getirebilirsiniz. Bir di\u011fer se\u00e7enek de sar\u0131 &#8211; turuncu gibi kom\u015fu tonlar\u0131 ele\u015ftirebilirsiniz. B\u00f6ylelikle kombininiz profesyonel g\u00f6r\u00fcn\u00fcr, tesad\u00fcf gibi durmaz.<\/span><\/p>\n<h3><span style=\"font-weight: 400;\">Desenli K\u0131yafetlerle Uyumlu Se\u00e7imler<\/span><\/h3>\n<p><span style=\"font-weight: 400;\">Desenli k\u0131yafetlerle renkli \u00e7antalar\u0131 e\u015fle\u015ftirmek stil a\u00e7\u0131s\u0131ndan cesaret ister. Do\u011fru ipu\u00e7lar\u0131yla bir dergi \u00e7ekiminden f\u0131rlam\u0131\u015f gibi g\u00f6r\u00fcnmeniz m\u00fcmk\u00fcnd\u00fcr. Omuz, s\u0131rt ya da el \u00e7antas\u0131 renkli ise ve k\u0131yafetiniz desenli ise, \u00e7antan\u0131n rengini k\u0131yafetin i\u00e7indeki renklerden birinden se\u00e7ebilirsiniz. \u00d6rne\u011fin turuncu detayl\u0131 floral elbiseyle turuncu \u00e7anta dikkat \u00e7ekici bir uyum sa\u011flar. Daha dikkat \u00e7ekici bir kombin i\u00e7in desene z\u0131t ve uyumlu bir renk tercih edebilirsiniz. Mavi tonlarda geometrik desenli elbiseyle lime ye\u015fili ya da fu\u015fya bir \u00e7anta kontrast ve dengeli bir etki yarat\u0131r.<\/span><\/p>\n<h3><span style=\"font-weight: 400;\">Ayakkab\u0131 ve Aksesuar Uyumunda \u00d6nemli Noktalar<\/span><\/h3>\n<p><span style=\"font-weight: 400;\">Renkli \u00e7anta, ayakkab\u0131 ve aksesuar uyumunda denge ve sadelik en \u00f6nemli iki unsurdur. T\u00fcm par\u00e7alar\u0131n ayn\u0131 anda \u00f6ne \u00e7\u0131kmas\u0131 yerine bir vurgu \u00f6ne \u00e7\u0131kmal\u0131, di\u011ferleri onu tamamlamal\u0131d\u0131r. En ideal yakla\u015f\u0131m \u00f6zellikle <\/span><a href=\"https:\/\/www.divarese.com.tr\/abiye-canta-2225\" target=\"_blank\" rel=\"noopener\"><span style=\"font-weight: 400;\"><strong>kad\u0131n abiye \u00e7anta<\/strong><\/span><\/a><span style=\"font-weight: 400;\"> ve ayakkab\u0131 kombinlerinde ton uyumunu yakalamak ve aksesuar\u0131 daha n\u00f6tr b\u0131rakmakt\u0131r.\u00a0 T\u00fcm par\u00e7alar\u0131 ayn\u0131 renk yapmak yerine, ayn\u0131 renk ailesinden farkl\u0131 tonlar kullanmak kombinleri daha sofistike ve modern g\u00f6sterir.\u00a0<\/span><\/p>\n<p><img loading=\"lazy\" decoding=\"async\" class=\"size-medium wp-image-797 aligncenter\" src=\"https:\/\/www.divarese.com.tr\/blog\/wp-content\/uploads\/2025\/09\/resim3_540x960-2-169x300.jpg\" alt=\"Renkli \u00c7antalar \" width=\"169\" height=\"300\" srcset=\"https:\/\/www.divarese.com.tr\/blog\/wp-content\/uploads\/2025\/09\/resim3_540x960-2-169x300.jpg 169w, https:\/\/www.divarese.com.tr\/blog\/wp-content\/uploads\/2025\/09\/resim3_540x960-2.jpg 540w\" sizes=\"auto, (max-width: 169px) 100vw, 169px\" \/><\/p>\n<h2><span class=\"ez-toc-section\" id=\"Renkli_Cantalarinizin_Bakimi_ve_Korunmasi\"><\/span><span style=\"font-weight: 400;\">Renkli \u00c7antalar\u0131n\u0131z\u0131n Bak\u0131m\u0131 ve Korunmas\u0131<\/span><span class=\"ez-toc-section-end\"><\/span><\/h2>\n<p><span style=\"font-weight: 400;\">Renkli \u00e7antalar kombinlerinizin enerjisini y\u00fckseltirken stilinizi \u00e7arp\u0131c\u0131 bir vurguyla tamamlar. Onlar\u0131 uzun s\u00fcre kullanmak i\u00e7in do\u011fru \u015fekilde bak\u0131m yapman\u0131z ve saklaman\u0131z \u00f6nemlidir.<\/span><\/p>\n<h3><span style=\"font-weight: 400;\">Malzemeye G\u00f6re Temizlik \u0130pu\u00e7lar\u0131<\/span><\/h3>\n<p><span style=\"font-weight: 400;\">Renkli \u00e7antalar\u0131n bak\u0131m\u0131 ve korunmas\u0131nda, \u00e7antan\u0131n malzemesine \u00f6zel temizlik y\u00f6ntemleri uygulaman\u0131z \u00f6nemlidir. B\u00f6ylelikle renk canl\u0131l\u0131\u011f\u0131n\u0131 koruyabilir ve \u00e7antan\u0131n \u00f6mr\u00fcn\u00fc uzatabilirsiniz. Deri \u00e7antalarda, nemli bir bezle hafif\u00e7e silip ard\u0131ndan renksiz deri bak\u0131m kremiyle nemlendirme yap\u0131lmal\u0131d\u0131r. S\u00fcet modellerde sadece s\u00fcet f\u0131r\u00e7as\u0131 kullan\u0131lmal\u0131 ve s\u0131v\u0131 temas\u0131ndan ka\u00e7\u0131n\u0131lmal\u0131d\u0131r. Kanvas ya da kuma\u015f \u00e7antalarda ise sabunlu suyla silmek yerine, lekeli b\u00f6lgeye \u00f6zel kuma\u015f temizleyici uygulanmal\u0131; \u00e7anta asla makineye at\u0131lmamal\u0131d\u0131r. Temizlikte sert kimyasallardan ka\u00e7\u0131nmak ve \u00e7antay\u0131 serin, kuru bir yerde saklamak da \u00f6mr\u00fcn\u00fc uzat\u0131r.<\/span><\/p>\n<h3><span style=\"font-weight: 400;\">Renklerin Canl\u0131l\u0131\u011f\u0131n\u0131 Koruma Y\u00f6ntemleri<\/span><\/h3>\n<p><span style=\"font-weight: 400;\">Renkli \u00e7antalar\u0131n canl\u0131l\u0131\u011f\u0131n\u0131 korumak i\u00e7in do\u011frudan g\u00fcne\u015f \u0131\u015f\u0131\u011f\u0131na maruz b\u0131rakmaktan ka\u00e7\u0131nmak gerekir; \u00e7\u00fcnk\u00fc UV \u0131\u015f\u0131nlar\u0131 \u00f6zellikle parlak ve doygun renkleri zamanla solukla\u015ft\u0131r\u0131r. \u00c7antay\u0131 kullanmad\u0131\u011f\u0131n\u0131z zamanlarda, toz torbas\u0131nda ya da pamuklu bir k\u0131l\u0131fta saklayarak hem tozlanmas\u0131n\u0131 hem de y\u00fczey temas\u0131ndan kaynakl\u0131 y\u0131pranmay\u0131 \u00f6nleyebilirsiniz. Deri \u00e7antalar i\u00e7in renksiz bak\u0131m kremiyle d\u00fczenli nemlendirme yapmak rengin matla\u015fmas\u0131n\u0131 engeller. S\u00fcet ve kuma\u015f \u00e7antalarda \u00f6zel koruyucu spreyler renk bariyeri olu\u015fturur. Ayr\u0131ca a\u015f\u0131r\u0131 s\u00fcrt\u00fcnmeden ve \u00f6zellikle koyu renkli kot kuma\u015f gibi boyas\u0131 \u00e7\u0131kabilecek k\u0131yafetlerle uzun s\u00fcreli temastan ka\u00e7\u0131nmak da leke ve renk kayb\u0131n\u0131 \u00f6nlemeye yard\u0131mc\u0131 olur.<\/span><\/p>\n<p><span style=\"font-weight: 400;\">Divarese.com.tr\u2019nin birbirinden \u015f\u0131k ve canl\u0131 renklere sahip \u00e7antalar\u0131na g\u00f6z at\u0131n. Kombinlerinizin enerjisini y\u00fckseltecek bir\u00e7ok par\u00e7ay\u0131 bulacaks\u0131n\u0131z.<\/span><\/p>\n","protected":false},"excerpt":{"rendered":"<p>\u0130lkbahar\/Yaz 2025 sezonu defilelerinde g\u00f6r\u00fcnen \u00e7anta modellerinde pratiklik \u00f6n plandayd\u0131. K\u00fc\u00e7\u00fclt\u00fclm\u00fc\u015f mini el \u00e7antalar\u0131ndan farkl\u0131 \u015fekil ve kuma\u015flarla gelen geni\u015f modellere kadar her tasar\u0131mda dikkat \u00e7eken bir di\u011fer unsur da rengarenk olu\u015flar\u0131yd\u0131.\u00a0 Yaz 2025 \u00c7anta Modas\u0131nda Canl\u0131 Renklerin Y\u00fckseli\u015fi 2025 Yaz trend \u00e7anta renkleri\u00a0 \u00e7ok canl\u0131 ve enerjik tasar\u0131mlar\u0131yla dikkat \u00e7eker. Dokulu formlar sayesinde \u0131\u015f\u0131k [&hellip;]<\/p>\n","protected":false},"author":3,"featured_media":795,"comment_status":"open","ping_status":"open","sticky":false,"template":"","format":"standard","meta":{"footnotes":""},"categories":[1],"tags":[50],"class_list":{"0":"post-794","1":"post","2":"type-post","3":"status-publish","4":"format-standard","5":"has-post-thumbnail","7":"category-moda","8":"tag-kadin-canta"},"_links":{"self":[{"href":"https:\/\/www.divarese.com.tr\/blog\/wp-json\/wp\/v2\/posts\/794","targetHints":{"allow":["GET"]}}],"collection":[{"href":"https:\/\/www.divarese.com.tr\/blog\/wp-json\/wp\/v2\/posts"}],"about":[{"href":"https:\/\/www.divarese.com.tr\/blog\/wp-json\/wp\/v2\/types\/post"}],"author":[{"embeddable":true,"href":"https:\/\/www.divarese.com.tr\/blog\/wp-json\/wp\/v2\/users\/3"}],"replies":[{"embeddable":true,"href":"https:\/\/www.divarese.com.tr\/blog\/wp-json\/wp\/v2\/comments?post=794"}],"version-history":[{"count":1,"href":"https:\/\/www.divarese.com.tr\/blog\/wp-json\/wp\/v2\/posts\/794\/revisions"}],"predecessor-version":[{"id":798,"href":"https:\/\/www.divarese.com.tr\/blog\/wp-json\/wp\/v2\/posts\/794\/revisions\/798"}],"wp:featuredmedia":[{"embeddable":true,"href":"https:\/\/www.divarese.com.tr\/blog\/wp-json\/wp\/v2\/media\/795"}],"wp:attachment":[{"href":"https:\/\/www.divarese.com.tr\/blog\/wp-json\/wp\/v2\/media?parent=794"}],"wp:term":[{"taxonomy":"category","embeddable":true,"href":"https:\/\/www.divarese.com.tr\/blog\/wp-json\/wp\/v2\/categories?post=794"},{"taxonomy":"post_tag","embeddable":true,"href":"https:\/\/www.divarese.com.tr\/blog\/wp-json\/wp\/v2\/tags?post=794"}],"curies":[{"name":"wp","href":"https:\/\/api.w.org\/{rel}","templated":true}]}}